{"id":35562,"date":"2020-04-28T20:00:32","date_gmt":"2020-04-28T18:00:32","guid":{"rendered":"https:\/\/www.krivak.sk\/?p=35562"},"modified":"2020-06-11T15:07:09","modified_gmt":"2020-06-11T13:07:09","slug":"ako-sa-bude-uskutocnovat-vykon-prav-postup-sudov-exekutorov-plynutie-lehot","status":"publish","type":"post","link":"https:\/\/www.krivak.sk\/eng\/ako-sa-bude-uskutocnovat-vykon-prav-postup-sudov-exekutorov-plynutie-lehot\/","title":{"rendered":"Ako sa bude uskuto\u010d\u0148ova\u0165 v\u00fdkon pr\u00e1v?"},"content":{"rendered":"<h3>Postup s\u00fadov, exek\u00fatorov, plynutie leh\u00f4t<\/h3>\r\n<p>V\u00a0s\u00favislosti s\u00a0COVID-19 do\u0161lo k\u00a0prijatiu <strong>legislat\u00edvy, ktor\u00e1 upravuje plynutie leh\u00f4t a\u00a0v\u00fdkon just\u00edcie <\/strong>\u2013 \u00fa\u010das\u0165 na pojedn\u00e1vaniach, naria\u010fovanie pojedn\u00e1van\u00ed, vykon\u00e1vanie pojedn\u00e1van\u00ed a\u00a0pod.<\/p>\r\n\r\n\r\n\r\n<h2>\u00a0<\/h2>\r\n\r\n\r\n\r\n<p>Z\u00a0d\u00f4vodovej spr\u00e1vy k\u00a0prijatej \u00faprave vypl\u00fdva, \u017ee \u010das\u0165 opatren\u00ed je koncipovan\u00e1 ako <strong>opatrenia do\u010dasn\u00e9ho charakteru (do 30. apr\u00edla 2020)<\/strong>, pri\u010dom predkladate\u013e nevylu\u010duje \u010fal\u0161ie pred\u013a\u017eenie tohto term\u00ednu.<\/p>\r\n\r\n\r\n\r\n<h2>\u00a0<\/h2>\r\n\r\n\r\n\r\n<p>Druh\u00fa \u010das\u0165 opatren\u00ed mo\u017eno aplikova\u0165 len <strong>v\u00a0\u010dase mimoriadnej situ\u00e1cie vyhl\u00e1senej pod\u013ea osobitn\u00fdch z\u00e1konov<\/strong>.<\/p>\r\n\r\n\r\n<hr class=\"wp-block-separator\" \/>\r\n\r\n\r\n<p>Z\u00e1kon \u010d. <a href=\"https:\/\/www.epi.sk\/zz\/2020-62\"><strong>62\/2020<\/strong><\/a> Z.\u00a0z. o\u00a0niektor\u00fdch mimoriadnych opatreniach v\u00a0s\u00favislosti so \u0161\u00edren\u00edm nebezpe\u010dnej n\u00e1kazlivej \u013eudskej choroby COVID-19 a v\u00a0just\u00edcii a ktor\u00fdm sa menia a dop\u013a\u0148aj\u00fa niektor\u00e9 z\u00e1kony, z\u00a025. marca 2020 (<strong>tzv. lex korona<\/strong>), plynutie leh\u00f4t ustanovuje nasledovne:<\/p>\r\n\r\n\r\n\r\n<h2>\u00a0<\/h2>\r\n\r\n\r\n\r\n<ul>\r\n<li><strong>Lehoty ustanoven\u00e9 pr\u00e1vnymi predpismi v\u00a0s\u00fakromnopr\u00e1vnych vz\u0165ahoch <\/strong>na uplat\u0148ovanie alebo br\u00e1nenie pr\u00e1v na s\u00fade, uplynut\u00edm ktor\u00fdch by do\u0161lo k\u00a0preml\u010daniu alebo k\u00a0z\u00e1niku pr\u00e1va, a) v\u00a0\u010dase odo d\u0148a \u00fa\u010dinnosti tohto z\u00e1kona <strong>do 30. apr\u00edla 2020 neplyn\u00fa<\/strong>, b)<strong> ktor\u00e9 uplynuli po 12. marci 2020<\/strong> do d\u0148a \u00fa\u010dinnosti tohto z\u00e1kona sa <strong>neskon\u010dia sk\u00f4r ako za 30 dn\u00ed<\/strong> po nadobudnut\u00ed \u00fa\u010dinnosti tohto z\u00e1kona.<\/li>\r\n<\/ul>\r\n\r\n\r\n\r\n<h2>\u00a0<\/h2>\r\n\r\n\r\n\r\n<ul>\r\n<li><strong>Lehota<\/strong>, v\u00a0ktorej je dl\u017en\u00edk povinn\u00fd <strong>poda\u0165 na svoj majetok n\u00e1vrh na vyhl\u00e1senie konkurzu<\/strong> v\u00a0pr\u00edpade pred\u013a\u017eenia, ktor\u00e9 nastalo v\u00a0\u010dase od 12. marca 2020 do 30. apr\u00edla 2020, <strong>je 60 dn\u00ed<\/strong>.<\/li>\r\n<\/ul>\r\n\r\n\r\n\r\n<h2>\u00a0<\/h2>\r\n\r\n\r\n\r\n<ul>\r\n<li>V\u00a0\u010dase <strong>do 30. apr\u00edla 2020 nemo\u017eno prist\u00fapi\u0165 k\u00a0v\u00fdkonu z\u00e1lo\u017en\u00e9ho pr\u00e1va<\/strong>. \u00dakony smeruj\u00face k\u00a0v\u00fdkonu z\u00e1lo\u017en\u00e9ho pr\u00e1va v\u00a0\u010dase odo d\u0148a \u00fa\u010dinnosti tohto z\u00e1kona do 30. apr\u00edla 2020 s\u00fa ne\u00fa\u010dinn\u00e9<\/li>\r\n<\/ul>\r\n\r\n\r\n\r\n<h2>\u00a0<\/h2>\r\n\r\n\r\n\r\n<ul>\r\n<li><strong>Dra\u017eobn\u00edk, s\u00fadny exek\u00fator a spr\u00e1vca<\/strong> s\u00fa v\u00a0\u010dase do 30. apr\u00edla 2020 <strong>povinn\u00ed upusti\u0165 od vykonania dra\u017eby<\/strong>, poverovania predajom majetku dra\u017eobn\u00edka, organizovania ponukov\u00e9ho konania alebo in\u00e9ho s\u00fa\u0165a\u017en\u00e9ho procesu smeruj\u00faceho k\u00a0predaju majetku. <strong>Ak\u00fdko\u013evek sp\u00f4sob spe\u0148a\u017eovania majetku<\/strong> dl\u017en\u00edka pod\u013ea predch\u00e1dzaj\u00facej vety vykonan\u00fd v\u00a0\u010dase odo d\u0148a \u00fa\u010dinnosti tohto z\u00e1kona do 30. apr\u00edla 2020 <strong>je neplatn\u00fd<\/strong>. <strong>S\u00fadny exek\u00fator<\/strong> je v\u00a0\u010dase do 30. apr\u00edla 2020 <strong>povinn\u00fd upusti\u0165 od vykonania exek\u00facie<\/strong> predajom nehnute\u013enosti<\/li>\r\n<\/ul>\r\n\r\n\r\n\r\n<h2>\u00a0<\/h2>\r\n\r\n\r\n\r\n<p>Bli\u017e\u0161ie inform\u00e1cie n\u00e1jdete tie\u017e v\u00a0dokumente <a href=\"https:\/\/www.noveaspi.sk\/products\/lawText\/7\/276370\/1\/2\/dovodova-sprava-c-lit276370sk-dovodova-sprava-k-zakonu-c-62-2020-zz-o-mimoriadnych-opatreniach-v-justicii-v-suvislosti-s-covid-19\"><strong>D\u00f4vodov\u00e1 spr\u00e1va k\u00a0z\u00e1konu \u010d. 62\/2020<\/strong><\/a><strong> \u2013 tzv. \u201elex korona\u201c<\/strong>.<\/p>\r\n\r\n\r\n<hr class=\"wp-block-separator\" \/>\r\n\r\n\r\n<h2>\u00a0<\/h2>\r\n\r\n\r\n\r\n<p>Prijat\u00e9<strong> opatrenia sa dotkli<\/strong> aj v\u00fdkonu niektor\u00fdch rozhodnut\u00ed, konkr\u00e9tne <strong>v\u00fdkonu striedavej starostlivosti osobnej starostlivosti<\/strong>. Ot\u00e1zne bolo, ako v\u00fdkon uskuto\u010d\u0148ova\u0165, resp. \u010di je mo\u017en\u00e9 v\u00fdkon neuskuto\u010dni\u0165.<\/p>\r\n\r\n\r\n\r\n<h2>\u00a0<\/h2>\r\n\r\n\r\n\r\n<ul>\r\n<li>Pracovn\u00e1 komisia <strong>Slovenskej advok\u00e1tskej komory<\/strong> vypracovala svoje <strong><a href=\"https:\/\/www.sak.sk\/web\/sk\/cms\/news\/form\/list\/form\/row\/146968\/_event\">stanovisko<\/a> <\/strong>zo 06.04.2020 <strong>k\u00a0v\u00fdkonu rozhodnut\u00ed ur\u010duj\u00facich v\u00fdkon striedavej osobnej starostlivosti<\/strong>. Bol to najlep\u0161\u00ed sp\u00f4sob ako vyjasni\u0165 viacero zm\u00e4to\u010dn\u00fdch inform\u00e1ci\u00ed, ktor\u00e9 sa objavili v\u00a0m\u00e9di\u00e1ch oh\u013eadom realiz\u00e1cie styku s\u00a0malolet\u00fdmi v\u00a0r\u00e1mci tejto mimoriadnej situ\u00e1cie. Zd\u00f4raz\u0148uje, \u017ee <strong>re\u0161pektovanie s\u00fadnych rozhodnut\u00ed nie je vo\u013ebou<\/strong>, a preto k\u00fdm ned\u00f4jde v\u00a0s\u00falade so z\u00e1konom a v\u00a0jeho medziach k\u00a0tak\u00e9mu opatreniu, ktor\u00e9 by vo v\u0161eobecnosti malo dopad na v\u00fdkon s\u00fadnych rozhodnut\u00ed v\u00a0tejto oblasti, s\u00fa ich <strong>rodi\u010dia povinn\u00ed na\u010falej dodr\u017eiava\u0165<\/strong>, samozrejme, ak neexistuj\u00fa in\u00e9 od\u00f4vodnen\u00e9 skuto\u010dnosti, pre ktor\u00e9 sa styk \u010di starostlivos\u0165 nem\u00f4\u017ee realizova\u0165.<\/li>\r\n<\/ul>\r\n\r\n\r\n<hr class=\"wp-block-separator\" \/>","protected":false},"excerpt":{"rendered":"<p>Postup s\u00fadov, exek\u00fatorov, plynutie leh\u00f4t V\u00a0s\u00favislosti s\u00a0COVID-19 do\u0161lo k\u00a0prijatiu legislat\u00edvy, ktor\u00e1 upravuje plynutie leh\u00f4t a\u00a0v\u00fdkon just\u00edcie \u2013 \u00fa\u010das\u0165 na pojedn\u00e1vaniach, naria\u010fovanie pojedn\u00e1van\u00ed, vykon\u00e1vanie pojedn\u00e1van\u00ed a\u00a0pod. \u00a0 Z\u00a0d\u00f4vodovej spr\u00e1vy k\u00a0prijatej \u00faprave vypl\u00fdva, \u017ee \u010das\u0165 opatren\u00ed je koncipovan\u00e1 ako opatrenia do\u010dasn\u00e9ho charakteru (do 30. apr\u00edla 2020), pri\u010dom predkladate\u013e nevylu\u010duje \u010fal\u0161ie pred\u013a\u017eenie tohto&hellip;<\/p>","protected":false},"author":32,"featured_media":0,"comment_status":"closed","ping_status":"closed","sticky":false,"template":"","format":"standard","meta":[],"categories":[1],"tags":[],"acf":[],"aioseo_notices":[],"_links":{"self":[{"href":"https:\/\/www.krivak.sk\/eng\/wp-json\/wp\/v2\/posts\/35562"}],"collection":[{"href":"https:\/\/www.krivak.sk\/eng\/wp-json\/wp\/v2\/posts"}],"about":[{"href":"https:\/\/www.krivak.sk\/eng\/wp-json\/wp\/v2\/types\/post"}],"author":[{"embeddable":true,"href":"https:\/\/www.krivak.sk\/eng\/wp-json\/wp\/v2\/users\/32"}],"replies":[{"embeddable":true,"href":"https:\/\/www.krivak.sk\/eng\/wp-json\/wp\/v2\/comments?post=35562"}],"version-history":[{"count":0,"href":"https:\/\/www.krivak.sk\/eng\/wp-json\/wp\/v2\/posts\/35562\/revisions"}],"wp:attachment":[{"href":"https:\/\/www.krivak.sk\/eng\/wp-json\/wp\/v2\/media?parent=35562"}],"wp:term":[{"taxonomy":"category","embeddable":true,"href":"https:\/\/www.krivak.sk\/eng\/wp-json\/wp\/v2\/categories?post=35562"},{"taxonomy":"post_tag","embeddable":true,"href":"https:\/\/www.krivak.sk\/eng\/wp-json\/wp\/v2\/tags?post=35562"}],"curies":[{"name":"wp","href":"https:\/\/api.w.org\/{rel}","templated":true}]}}