{"id":35547,"date":"2020-04-28T18:17:46","date_gmt":"2020-04-28T16:17:46","guid":{"rendered":"https:\/\/www.krivak.sk\/?p=35547"},"modified":"2020-06-11T16:06:38","modified_gmt":"2020-06-11T14:06:38","slug":"ake-platne-opatrenia-su-spojene-s-jednotlivymi-prevadzkami","status":"publish","type":"post","link":"https:\/\/www.krivak.sk\/eng\/ake-platne-opatrenia-su-spojene-s-jednotlivymi-prevadzkami\/","title":{"rendered":"Ak\u00e9 platn\u00e9 opatrenia s\u00fa spojen\u00e9 s jednotliv\u00fdmi prev\u00e1dzkami?"},"content":{"rendered":"<p>Bolo nevyhnutn\u00e9 uzavrie\u0165 ur\u010dit\u00e9 prev\u00e1dzky, aby sa \u013eudia nes\u00fastre\u010fovali v uzavret\u00fdch priestoroch a predi\u0161lo sa tak r\u00fdchlemu \u0161\u00edreniu v\u00edrusu z \u010dloveka na \u010dloveka. Prev\u00e1dzky, ktor\u00e9 mohli zosta\u0165 otvoren\u00e9, musia dodr\u017eiava\u0165 pr\u00edsne hygienick\u00e9 opatrenia.<\/p>\r\n<h5>\u00a0<\/h5>\r\n<h4><strong>1.<\/strong> <strong>Opatrenie \u00daradu verejn\u00e9ho zdravotn\u00edctva Slovenskej republiky pri ohrozen\u00ed verejn\u00e9ho zdravia <\/strong>(\u010falej len \u201e<strong>Opatrenie \u00daVZ<\/strong>\u201c)<strong> \u010d. <\/strong><a href=\"http:\/\/www.uvzsr.sk\/docs\/info\/covid19\/Opatrenie_UVZ_SR_o_zakaze_a_obmedzeni_prevadzok_15032020.pdf\"><strong>OLP\/2595\/2020<\/strong><\/a><strong> z<\/strong>\u00a0<strong>15.03.2020<\/strong><\/h4>\r\n\r\n\r\n\r\n<p><!--StartFragment--><\/p>\r\n<p><!--StartFragment--><\/p>\r\n\r\n\r\n\r\n<p>S \u00fa\u010dinnos\u0165ou od 16.3.2020 od 6.00 h sa <strong>do odvolania uzatvorili<\/strong> <strong>v\u0161etky maloobchodn\u00e9 prev\u00e1dzky<\/strong> a v\u0161etky prev\u00e1dzky poskytuj\u00face slu\u017eby <strong>okrem<\/strong>:<\/p>\r\n\r\n\r\n\r\n<ul>\r\n<li>predajn\u00ed potrav\u00edn, m\u00e4sa, chleba a pe\u010diva, ovocia a zeleniny, predajn\u00ed potrav\u00edn na osobitn\u00e9 v\u00fd\u017eivov\u00e9 \u00fa\u010dely pre doj\u010dat\u00e1 a mal\u00e9 deti a predajn\u00ed potrav\u00edn na osobitn\u00e9 lek\u00e1rske \u00fa\u010dely;<\/li>\r\n<li>lek\u00e1rn\u00ed, predajn\u00ed a v\u00fddajn\u00ed zdravotn\u00edckych pom\u00f4cok;<\/li>\r\n<li>predajn\u00ed drog\u00e9rie;<\/li>\r\n<li>\u010derpac\u00edch stan\u00edc pohonn\u00fdch hm\u00f4t a pal\u00edv;<\/li>\r\n<li>predajn\u00ed nov\u00edn a tla\u010dov\u00edn;<\/li>\r\n<li>predajn\u00ed s krmivom pre zvierat\u00e1 a veterin\u00e1rnych ambulanci\u00ed;<\/li>\r\n<li>prev\u00e1dzok telekomunika\u010dn\u00fdch oper\u00e1torov;<\/li>\r\n<li>prev\u00e1dzok verejn\u00e9ho stravovania a st\u00e1nkov s\u00a0r\u00fdchlym ob\u010derstven\u00edm (bez pr\u00edtomnosti verejnosti);<\/li>\r\n<li>prev\u00e1dzok po\u0161tov\u00fdch, bankov\u00fdch a pois\u0165ovac\u00edch slu\u017eieb;<\/li>\r\n<li>prev\u00e1dzok internetov\u00fdch obchodov (eshop) a don\u00e1\u0161kov\u00fdch slu\u017eieb;<\/li>\r\n<li>pohrebn\u00fdch slu\u017eieb, slu\u017eieb pohrebiska a kremat\u00f3ria;<\/li>\r\n<li>autoservisy, pneuservisy a od\u0165ahovacie slu\u017eby;<\/li>\r\n<li>taxislu\u017eieb vykon\u00e1vaj\u00facich prepravu vec\u00ed a tovaru;<\/li>\r\n<li>pr\u00e1\u010dovn\u00ed a \u010distiarn\u00ed odevov.<\/li>\r\n<\/ul>\r\n\r\n\r\n\r\n<p>&nbsp;<\/p>\r\n\r\n\r\n\r\n<h4><strong>2.\u00a0 Opatrenie \u00daVZ \u010d. <\/strong><a href=\"http:\/\/www.uvzsr.sk\/docs\/info\/covid19\/zmena_a_doplnenie_opatrenia_HH_SR_16_03.pdf\"><strong>OLP\/2596\/2020<\/strong><\/a><strong> zo<\/strong>\u00a0<strong>16.03.2020<\/strong><\/h4>\r\n\r\n\r\n\r\n<p>Od 30.3.2020 sa <strong>povolilo<\/strong> <strong>otvorenie \u010fal\u0161\u00edch obchodov<\/strong>, slu\u017eieb a\u00a0prev\u00e1dzok:<\/p>\r\n\r\n\r\n\r\n<ul>\r\n<li>o\u010dn\u00e9 optiky,<\/li>\r\n<li>slu\u017eby STK a\u00a0emisnej kontroly,<\/li>\r\n<li>leasingov\u00e9 slu\u017eby,<\/li>\r\n<li>predajne a\u00a0servis bicyklov,<\/li>\r\n<li>not\u00e1ri a\u00a0advok\u00e1ti,<\/li>\r\n<li>stavebniny, z\u00e1hradn\u00edctva,<\/li>\r\n<li>galant\u00e9rie, metrov\u00fd textil,<\/li>\r\n<li>farby, laky,<\/li>\r\n<li>elektroin\u0161tala\u010dn\u00e9 slu\u017eby,<\/li>\r\n<li>\u017eeleziarstva,<\/li>\r\n<li>zbern\u00e9 dvory,<\/li>\r\n<li>servis v\u00fdpo\u010dtovej a\u00a0telekomunika\u010dnej techniky,<\/li>\r\n<li>k\u013e\u00fa\u010dov\u00e9 slu\u017eby.<\/li>\r\n<\/ul>\r\n\r\n\r\n\r\n<p>\u0160t\u00e1t zaviedol <strong>limit na po\u010det z\u00e1kazn\u00edkov<\/strong> v\u00a0predajni. V\u00a0jednom \u010dase m\u00f4\u017ee by\u0165 v\u00a0obchode len jeden z\u00e1kazn\u00edk na 25 metrov \u0161tvorcov\u00fdch predajnej plochy. V\u00a0obchodoch mus\u00ed by\u0165 zabezpe\u010den\u00e1 <strong>povinn\u00e1 dezinfekcia r\u00fak<\/strong> alebo <strong>jednorazov\u00e9 rukavice<\/strong> pri vstupe a povinnos\u0165 nosi\u0165 r\u00fa\u0161ko. Prev\u00e1dzky musia zabezpe\u010di\u0165 minim\u00e1lny <strong>odstup v\u00a0radoch<\/strong> pri pokladniciach aspo\u0148 <strong>dva metre<\/strong>.<\/p>\r\n\r\n\r\n\r\n<h2>\u00a0<\/h2>\r\n\r\n\r\n\r\n<p><strong>Zatvoren\u00e9<\/strong> na\u010falej zostali <strong>ve\u013ek\u00e9 obchodn\u00e9 domy<\/strong> a\u00a0<strong>ve\u013ek\u00e9 prev\u00e1dzky<\/strong>. <strong>V\u00fdnimku<\/strong> maj\u00fa predajne potrav\u00edn, drog\u00e9ri\u00ed a\u00a0lek\u00e1rn\u00ed v\u00a0obchodn\u00fdch domoch. <strong>V\u0161etky<\/strong> <strong>predajne<\/strong> bud\u00fa <strong>v\u00a0nede\u013eu zatvoren\u00e9<\/strong> z\u00a0d\u00f4vodu sanit\u00e1rneho d\u0148a a\u00a0oddychu person\u00e1lu, <strong>v\u00fdnimku<\/strong> dostali len pohotovostn\u00e9 lek\u00e1rne a\u00a0veterin\u00e1rne ambulancie. <strong>Z\u00e1kaz prev\u00e1dzky sa net\u00fdka<\/strong> komun\u00e1lnych slu\u017eieb a slu\u017eieb dezinfekcie a\u00a0regul\u00e1cie \u017eivo\u010d\u00ed\u0161nych \u0161kodcov.<\/p>\r\n\r\n\r\n\r\n<h2>\u00a0<\/h2>\r\n\r\n\r\n\r\n<p>V\u00a0obchodoch a prev\u00e1dzkach <strong>sa odpor\u00fa\u010da meranie telesnej teploty<\/strong>.<\/p>\r\n\r\n\r\n\r\n<h2>\u00a0<\/h2>\r\n\r\n\r\n\r\n<p><strong>Seniorom<\/strong> sa odpor\u00fa\u010da nakupova\u0165 pod\u013ea <strong>Opatrenia \u00daVZ \u010d.<\/strong> <a href=\"file:\/\/\/C:\/Users\/ASUS\/Desktop\/New Foundland\/21.04.2020\/Seniorom sa odpor\u00fa\u010da nakupova\u0165 pod\u013ea Opatrenia \u00daVZ \u010d. OLP\/3353\/2020 zo d\u0148a 24.04.2020\"><strong>OLP\/3353\/2020<\/strong><\/a> zo d\u0148a 24.04.2020. \u00daVZ ich vyz\u00fdva, aby vyu\u017e\u00edvali <strong>vyhraden\u00fd n\u00e1kupn\u00fd \u010das od 9.00 hod. do 11.00 hod<\/strong>. v\u017edy, ke\u010f je to mo\u017en\u00e9, a mimo tohto \u010dasu, <strong>ak to nie je nevyhnutn\u00e9, obchody nenav\u0161tevovali<\/strong>, respekt\u00edve aby po\u017eiadali o\u00a0n\u00e1kup pr\u00edbuzn\u00fdch, zn\u00e1mych, susedov, alebo aby vyu\u017eili v\u00a0danej oblasti pon\u00fakan\u00e9 slu\u017eby samospr\u00e1v.<\/p>\r\n\r\n\r\n\r\n<h2>\u00a0<\/h2>\r\n\r\n\r\n\r\n<p>&nbsp;<\/p>\r\n\r\n\r\n\r\n<h4>3. <strong>Opatrenie \u00daVZ \u010d. <\/strong><a href=\"https:\/\/www.korona.gov.sk\/wp-content\/uploads\/2020\/04\/22_04_2020_otvorenie_prevadzok_rezimove_opatrenia_HH_SR.pdf\"><strong>OPL\/3461\/2020<\/strong><\/a><strong> z 21.04.2020<\/strong><\/h4>\r\n\r\n\r\n\r\n<p>Vl\u00e1da po schv\u00e1len\u00ed pl\u00e1nu <a href=\"https:\/\/www.vlada.gov.sk\/data\/files\/7808_fazy-otvarania-prvadzok.pdf\"><strong>,,Nie\u010do za nie\u010do\u201c<\/strong><\/a> \u00dastredn\u00fdm kr\u00edzov\u00fdm \u0161t\u00e1bom, <strong>prist\u00fapila k\u00a0postupn\u00e9mu <\/strong><a href=\"https:\/\/www.korona.gov.sk\/ako-sa-budu-uvolnovat-opatrenia-uvodne-informacie\/\"><strong>uvo\u013e\u0148ovaniu opatren\u00ed<\/strong><\/a><strong> s\u00a0uzatvoren\u00edm prev\u00e1dzok, ktor\u00e9 m\u00e1 ma\u0165 4 f\u00e1zy<\/strong>. Pod\u013ea slov premi\u00e9ra Igora Matovi\u010da \u201e<em>Do \u010fal\u0161\u00edch f\u00e1z sa dostaneme pod\u013ea toho, ako zvl\u00e1dneme t\u00fa prv\u00fa sk\u00fa\u0161ku<\/em>.\u201c Zd\u00f4raznil v\u0161ak, \u017ee to <strong>bude plati\u0165 len vtedy, ak po prvej f\u00e1ze nebude n\u00e1rast nov\u00fdch pr\u00edpadov<\/strong>, alebo <strong>to bude v<\/strong>\u00a0<strong>\u00fanosnej miere<\/strong>. D\u00f4le\u017eit\u00fdm krit\u00e9riom bude \u0161tatistick\u00e1 veli\u010dina <em>k\u013azav\u00fd meridi\u00e1n<\/em>, ktor\u00fd oproti oby\u010dajn\u00e9mu priemeru za ur\u010dit\u00e9 \u010dasov\u00e9 obdobie odstra\u0148uje z\u00a0v\u00fdpo\u010dtu extr\u00e9mne hodnoty.<\/p>\r\n\r\n\r\n\r\n<h2>\u00a0<\/h2>\r\n\r\n\r\n\r\n<p>Ak sa v\u0161ak <strong>bude n\u00e1kaza \u0161\u00edri\u0165 r\u00fdchlo, prev\u00e1dzky sa zatvoria<\/strong>. \u010eal\u0161ie f\u00e1zy by mali nasledova\u0165 v\u00a0<strong>dvojt\u00fd\u017ed\u0148ov\u00fdch intervaloch<\/strong>. V\u00fdvoj nakazen\u00fdch nov\u00fdm koronav\u00edrusom <strong>sa bude<\/strong> <strong>pravidelne vyhodnocova\u0165 <\/strong>pod\u013ea hodn\u00f4t k\u013azav\u00e9ho meridi\u00e1nu a d\u00f4jde bu\u010f k\u00a0prechodu na nov\u00fa f\u00e1zu, k\u00a0ponechaniu tej doteraj\u0161ej alebo n\u00e1vratu k\u00a0predch\u00e1dzaj\u00facemu stavu.<\/p>\r\n\r\n\r\n\r\n<h2>\u00a0<\/h2>\r\n\r\n\r\n\r\n<p>O\u00a0postupnom uvo\u013e\u0148ovan\u00ed sa do\u010d\u00edtate v\u00a0\u010fal\u0161ej \u010dasti ,,<strong><a href=\"https:\/\/www.krivak.sk\/eng\/fazy-postupneho-uvolnovania-nariadenych-opatreni\/\">F\u00e1zy postupn\u00e9ho uvo\u013e\u0148ovania nariaden\u00fdch opatren\u00ed<\/a>\u201c.<\/strong><\/p>\r\n\r\n\r\n<hr class=\"wp-block-separator\" \/>","protected":false},"excerpt":{"rendered":"<p>Bolo nevyhnutn\u00e9 uzavrie\u0165 ur\u010dit\u00e9 prev\u00e1dzky, aby sa \u013eudia nes\u00fastre\u010fovali v uzavret\u00fdch priestoroch a predi\u0161lo sa tak r\u00fdchlemu \u0161\u00edreniu v\u00edrusu z \u010dloveka na \u010dloveka. Prev\u00e1dzky, ktor\u00e9 mohli zosta\u0165 otvoren\u00e9, musia dodr\u017eiava\u0165 pr\u00edsne hygienick\u00e9 opatrenia. \u00a0 1. Opatrenie \u00daradu verejn\u00e9ho zdravotn\u00edctva Slovenskej republiky pri ohrozen\u00ed verejn\u00e9ho zdravia (\u010falej len \u201eOpatrenie \u00daVZ\u201c) \u010d.&hellip;<\/p>","protected":false},"author":32,"featured_media":0,"comment_status":"closed","ping_status":"closed","sticky":false,"template":"","format":"standard","meta":[],"categories":[1],"tags":[],"acf":[],"aioseo_notices":[],"_links":{"self":[{"href":"https:\/\/www.krivak.sk\/eng\/wp-json\/wp\/v2\/posts\/35547"}],"collection":[{"href":"https:\/\/www.krivak.sk\/eng\/wp-json\/wp\/v2\/posts"}],"about":[{"href":"https:\/\/www.krivak.sk\/eng\/wp-json\/wp\/v2\/types\/post"}],"author":[{"embeddable":true,"href":"https:\/\/www.krivak.sk\/eng\/wp-json\/wp\/v2\/users\/32"}],"replies":[{"embeddable":true,"href":"https:\/\/www.krivak.sk\/eng\/wp-json\/wp\/v2\/comments?post=35547"}],"version-history":[{"count":0,"href":"https:\/\/www.krivak.sk\/eng\/wp-json\/wp\/v2\/posts\/35547\/revisions"}],"wp:attachment":[{"href":"https:\/\/www.krivak.sk\/eng\/wp-json\/wp\/v2\/media?parent=35547"}],"wp:term":[{"taxonomy":"category","embeddable":true,"href":"https:\/\/www.krivak.sk\/eng\/wp-json\/wp\/v2\/categories?post=35547"},{"taxonomy":"post_tag","embeddable":true,"href":"https:\/\/www.krivak.sk\/eng\/wp-json\/wp\/v2\/tags?post=35547"}],"curies":[{"name":"wp","href":"https:\/\/api.w.org\/{rel}","templated":true}]}}